{"id":1168,"date":"2024-06-13T14:10:49","date_gmt":"2024-06-13T13:10:49","guid":{"rendered":"http:\/\/www.societelumiere.com\/en\/?p=1168"},"modified":"2024-06-13T14:13:39","modified_gmt":"2024-06-13T13:13:39","slug":"fakhri-el-ghezal-of-water-seeds-and-luminous-particles","status":"publish","type":"post","link":"http:\/\/www.societelumiere.com\/en\/2024\/06\/13\/fakhri-el-ghezal-of-water-seeds-and-luminous-particles\/","title":{"rendered":"Fakhri El Ghezal &#8211; &#8220;Of water, seeds and luminous particles&#8221;"},"content":{"rendered":"\n<p>Soci\u00e9t\u00e9 Lumi\u00e8re is pleased to by part of the first solo exposition of <a href=\"https:\/\/www.liliabensalah.com\/exhibitions\/17-fakhri-el-ghezal-d-eaux-de-graines-et-de-particules-lumineuses\/\">Fakhri El Ghezal<\/a> at the gallery <strong><a href=\"https:\/\/www.liliabensalah.com\/\">lilia ben salah <\/a><\/strong><\/p>\n\n\n\n<figure class=\"wp-block-image size-large\"><img loading=\"lazy\" decoding=\"async\" width=\"1024\" height=\"771\" src=\"https:\/\/www.societelumiere.com\/en\/wp-content\/uploads\/sites\/4\/2024\/06\/IMG_1331_FAKRI-copie-1024x771.jpeg\" alt=\"\" class=\"wp-image-1169\" srcset=\"http:\/\/www.societelumiere.com\/en\/wp-content\/uploads\/sites\/4\/2024\/06\/IMG_1331_FAKRI-copie-1024x771.jpeg 1024w, http:\/\/www.societelumiere.com\/en\/wp-content\/uploads\/sites\/4\/2024\/06\/IMG_1331_FAKRI-copie-300x226.jpeg 300w, http:\/\/www.societelumiere.com\/en\/wp-content\/uploads\/sites\/4\/2024\/06\/IMG_1331_FAKRI-copie-768x578.jpeg 768w, http:\/\/www.societelumiere.com\/en\/wp-content\/uploads\/sites\/4\/2024\/06\/IMG_1331_FAKRI-copie-1536x1157.jpeg 1536w, http:\/\/www.societelumiere.com\/en\/wp-content\/uploads\/sites\/4\/2024\/06\/IMG_1331_FAKRI-copie-398x300.jpeg 398w, http:\/\/www.societelumiere.com\/en\/wp-content\/uploads\/sites\/4\/2024\/06\/IMG_1331_FAKRI-copie.jpeg 1993w\" sizes=\"auto, (max-width: 1024px) 100vw, 1024px\" \/><figcaption> <em>Constellation 02<\/em>, 2023<br> Bleach on 160g Bristol paper and light box by Soci\u00e9t\u00e9 Lumi\u00e8re<br> 32 x 48 cm (12 5\/8 x 18 7\/8 in.) <\/figcaption><\/figure>\n\n\n\n<p><\/p>\n","protected":false},"excerpt":{"rendered":"<p>Soci\u00e9t\u00e9 Lumi\u00e8re is pleased to by part of the first solo exposition of Fakhri El Ghezal at the gallery lilia ben salah<\/p>\n","protected":false},"author":1,"featured_media":0,"comment_status":"closed","ping_status":"closed","sticky":false,"template":"","format":"standard","meta":{"footnotes":""},"categories":[5],"tags":[],"class_list":["post-1168","post","type-post","status-publish","format-standard","hentry","category-expositions"],"_links":{"self":[{"href":"http:\/\/www.societelumiere.com\/en\/wp-json\/wp\/v2\/posts\/1168","targetHints":{"allow":["GET"]}}],"collection":[{"href":"http:\/\/www.societelumiere.com\/en\/wp-json\/wp\/v2\/posts"}],"about":[{"href":"http:\/\/www.societelumiere.com\/en\/wp-json\/wp\/v2\/types\/post"}],"author":[{"embeddable":true,"href":"http:\/\/www.societelumiere.com\/en\/wp-json\/wp\/v2\/users\/1"}],"replies":[{"embeddable":true,"href":"http:\/\/www.societelumiere.com\/en\/wp-json\/wp\/v2\/comments?post=1168"}],"version-history":[{"count":2,"href":"http:\/\/www.societelumiere.com\/en\/wp-json\/wp\/v2\/posts\/1168\/revisions"}],"predecessor-version":[{"id":1171,"href":"http:\/\/www.societelumiere.com\/en\/wp-json\/wp\/v2\/posts\/1168\/revisions\/1171"}],"wp:attachment":[{"href":"http:\/\/www.societelumiere.com\/en\/wp-json\/wp\/v2\/media?parent=1168"}],"wp:term":[{"taxonomy":"category","embeddable":true,"href":"http:\/\/www.societelumiere.com\/en\/wp-json\/wp\/v2\/categories?post=1168"},{"taxonomy":"post_tag","embeddable":true,"href":"http:\/\/www.societelumiere.com\/en\/wp-json\/wp\/v2\/tags?post=1168"}],"curies":[{"name":"wp","href":"https:\/\/api.w.org\/{rel}","templated":true}]}}